{"id":5560,"date":"2026-08-31T11:35:52","date_gmt":"2026-08-31T09:35:52","guid":{"rendered":"https:\/\/freunde-fluechtlingssolidaritaet.org\/?p=5560"},"modified":"2026-08-31T11:35:54","modified_gmt":"2026-08-31T09:35:54","slug":"protesterklaerung","status":"publish","type":"post","link":"https:\/\/freunde-fluechtlingssolidaritaet.org\/fa\/protesterklaerung","title":{"rendered":"PROTESTERKL\u00c4RUNG"},"content":{"rendered":"<p class=\"wp-block-paragraph\">Gegen die unhaltbaren Zust\u00e4nde und Polizeigewalt im Lager Sintiki \u2013<br>Forderung nach einer unabh\u00e4ngigen Untersuchungskommission<\/p>\n\n\n\n<p class=\"wp-block-paragraph\"><a href=\"mailto:Freundeskreisfluechtlingssolidaritaet@gmx.de\">Freundeskreisfluechtlingssolidaritaet@gmx.de<\/a><\/p>\n\n\n\n<p class=\"wp-block-paragraph\">Georgiou Iordanis<br>45128 Essen<br>Kleine Sch\u00e4ferstrasse 1<\/p>\n\n\n\n<p class=\"wp-block-paragraph\">An den Botschafter der Hellenischen Republik<br>S.E. Herrn Alexandros PapaioannouB<br>otschaft der Hellenischen Republik<br>Hiroshimastra\u00dfe 11-15<br>10785 Berlin 28.08.2026<\/p>\n\n\n\n<p class=\"wp-block-paragraph\"><strong>PROTESTERKL\u00c4RUNG<\/strong><\/p>\n\n\n\n<p class=\"wp-block-paragraph\">Gegen die unhaltbaren Zust\u00e4nde und Polizeigewalt im Lager Sintiki \u2013<br>Forderung nach einer unabh\u00e4ngigen Untersuchungskommission<\/p>\n\n\n\n<p class=\"wp-block-paragraph\">Exzellenz,<\/p>\n\n\n\n<p class=\"wp-block-paragraph\">der Freundeskreis Fl\u00fcchtlingssolidarit\u00e4t protestiert auf das Sch\u00e4rfste gegen die j\u00fcngsten Ereignisse und die chronisch inhumanen Bedingungen im geschlossenen Internierungslager Sintiki\/Serres an der griechisch-bulgarischen Grenze.<\/p>\n\n\n\n<p class=\"wp-block-paragraph\">Die schweren Unruhen am Wochenende des 22.\/23. August 2026 sind die direkte Folge einer systematischen Entrechtung und Verzweiflung der dort festsitzenden Schutzsuchenden. Dass friedliche oder aus Verzweiflung geborene Proteste der Fl\u00fcchtlinge von polizeilichen Spezialkr\u00e4ften unter dem Einsatz von Blendgranaten und massiver physischer Gewalt niedergeschlagen wurden, verst\u00f6\u00dft eklatant gegen die Europ\u00e4ische Menschenrechtskonvention (EMRK) und die Genfer Fl\u00fcchtlingskonvention. F\u00fcnf Verletzte und willk\u00fcrliche Festnahmen sind das bittere Resultat einer repressiven Abschottungspolitik.<\/p>\n\n\n\n<p class=\"wp-block-paragraph\">Das Lager Sintiki steht seit seiner Errichtung au\u00dferhalb jeglicher rechtsstaatlichen Normalit\u00e4t. Menschen werden dort ohne rechtliche Grundlage, unter mangelhaften hygienischen Bedingungen und ohne ausreichenden Zugang zu medizinischer oder rechtlicher Hilfe dauerhaft ihrer Freiheit beraubt.<\/p>\n\n\n\n<p class=\"wp-block-paragraph\"><strong>Der Freundeskreis Fl\u00fcchtlingssolidarit\u00e4t fordert von der griechischen Regierung:<\/strong><\/p>\n\n\n\n<ol class=\"wp-block-list\">\n<li>Die sofortige Einsetzung einer unabh\u00e4ngigen und internationalen Kommission zur Untersuchung der j\u00fcngsten Gewalteskalation durch die Sicherheitskr\u00e4fte in Sintiki.<\/li>\n\n\n\n<li>Den uneingeschr\u00e4nkten Zugang f\u00fcr Menschenrechtsorganisationen, unabh\u00e4ngige Journalisten und medizinische Fachkr\u00e4fte zu dem Lagerareal.<\/li>\n\n\n\n<li>Die Schlie\u00dfung des Lagers Sintiki sowie aller rechtsfreien Internierungslager und die \u00dcberf\u00fchrung der Menschen in dezentrale, menschenw\u00fcrdige Unterk\u00fcnfte.<\/li>\n\n\n\n<li>Den Stopp jeglicher Pushbacks und der Kriminalisierung von Gefl\u00fcchteten.<\/li>\n\n\n\n<li>Die Fl\u00fcchtlinge m\u00fcssen sofort die M\u00f6glichkeit bekommen Asyl zu beantragen.<\/li>\n<\/ol>\n\n\n\n<p class=\"wp-block-paragraph\">Wir erwarten von Ihnen als Repr\u00e4sentant der Hellenischen Republik, diesen legitimen Protest unverz\u00fcglich an Ihre Regierung in Athen weiterzuleiten. Wir werden die Situation in Sintiki weiterhin aufmerksam verfolgen und die \u00d6ffentlichkeit \u00fcber die anhaltenden Menschenrechtsverletzungen informieren.<\/p>\n\n\n\n<p class=\"wp-block-paragraph\">Dar\u00fcber hinaus werden wir s\u00e4mtlichen Europaabgeordneten aus unseren Wahlkreisen diese Protesterkl\u00e4rung zukommen lassen und sie dazu auffordern Stellung zu beziehen.<\/p>\n\n\n\n<p class=\"wp-block-paragraph\">Mit freundlichen Gr\u00fc\u00dfen<\/p>\n\n\n\n<p class=\"wp-block-paragraph\">Iordanis Georgiou<\/p>\n\n\n\n<p class=\"wp-block-paragraph\">Azumah Bilpit<br>Valentine Obandejnr<\/p>\n\n\n\n<p class=\"wp-block-paragraph\">F\u00fcr die bundesweite Sprechergruppe des Freundeskreises Fl\u00fcchtlingssolidarit\u00e4t<\/p>","protected":false},"excerpt":{"rendered":"<p>Gegen die unhaltbaren Zust\u00e4nde und Polizeigewalt im Lager Sintiki \u2013Forderung nach einer unabh\u00e4ngigen Untersuchungskommission Freundeskreisfluechtlingssolidaritaet@gmx.de Georgiou Iordanis45128 EssenKleine Sch\u00e4ferstrasse 1 An den Botschafter der Hellenischen&hellip;<\/p>","protected":false},"author":5,"featured_media":0,"comment_status":"open","ping_status":"open","sticky":false,"template":"","format":"standard","meta":{"_price":"","_stock":"","_tribe_ticket_header":"","_tribe_default_ticket_provider":"","_tribe_ticket_capacity":"0","_ticket_start_date":"","_ticket_end_date":"","_tribe_ticket_show_description":"","_tribe_ticket_show_not_going":false,"_tribe_ticket_use_global_stock":"","_tribe_ticket_global_stock_level":"","_global_stock_mode":"","_global_stock_cap":"","_tribe_rsvp_for_event":"","_tribe_ticket_going_count":"","_tribe_ticket_not_going_count":"","_tribe_tickets_list":"[]","_tribe_ticket_has_attendee_info_fields":false,"_EventAllDay":false,"_EventTimezone":"","_EventStartDate":"","_EventEndDate":"","_EventStartDateUTC":"","_EventEndDateUTC":"","_EventShowMap":false,"_EventShowMapLink":false,"_EventURL":"","_EventCost":"","_EventCostDescription":"","_EventCurrencySymbol":"","_EventCurrencyCode":"","_EventCurrencyPosition":"","_EventDateTimeSeparator":"","_EventTimeRangeSeparator":"","_EventOrganizerID":[],"_EventVenueID":[],"_OrganizerEmail":"","_OrganizerPhone":"","_OrganizerWebsite":"","_VenueAddress":"","_VenueCity":"","_VenueCountry":"","_VenueProvince":"","_VenueState":"","_VenueZip":"","_VenuePhone":"","_VenueURL":"","_VenueStateProvince":"","_VenueLat":"","_VenueLng":"","_VenueShowMap":false,"_VenueShowMapLink":false,"_themeisle_gutenberg_block_has_review":false,"footnotes":""},"categories":[55],"tags":[],"class_list":["post-5560","post","type-post","status-publish","format-standard","hentry","category-aktuelles"],"_links":{"self":[{"href":"https:\/\/freunde-fluechtlingssolidaritaet.org\/fa\/wp-json\/wp\/v2\/posts\/5560","targetHints":{"allow":["GET"]}}],"collection":[{"href":"https:\/\/freunde-fluechtlingssolidaritaet.org\/fa\/wp-json\/wp\/v2\/posts"}],"about":[{"href":"https:\/\/freunde-fluechtlingssolidaritaet.org\/fa\/wp-json\/wp\/v2\/types\/post"}],"author":[{"embeddable":true,"href":"https:\/\/freunde-fluechtlingssolidaritaet.org\/fa\/wp-json\/wp\/v2\/users\/5"}],"replies":[{"embeddable":true,"href":"https:\/\/freunde-fluechtlingssolidaritaet.org\/fa\/wp-json\/wp\/v2\/comments?post=5560"}],"version-history":[{"count":2,"href":"https:\/\/freunde-fluechtlingssolidaritaet.org\/fa\/wp-json\/wp\/v2\/posts\/5560\/revisions"}],"predecessor-version":[{"id":5562,"href":"https:\/\/freunde-fluechtlingssolidaritaet.org\/fa\/wp-json\/wp\/v2\/posts\/5560\/revisions\/5562"}],"wp:attachment":[{"href":"https:\/\/freunde-fluechtlingssolidaritaet.org\/fa\/wp-json\/wp\/v2\/media?parent=5560"}],"wp:term":[{"taxonomy":"category","embeddable":true,"href":"https:\/\/freunde-fluechtlingssolidaritaet.org\/fa\/wp-json\/wp\/v2\/categories?post=5560"},{"taxonomy":"post_tag","embeddable":true,"href":"https:\/\/freunde-fluechtlingssolidaritaet.org\/fa\/wp-json\/wp\/v2\/tags?post=5560"}],"curies":[{"name":"wp","href":"https:\/\/api.w.org\/{rel}","templated":true}]}}