{"id":2039,"date":"2021-08-23T21:02:31","date_gmt":"2021-08-23T19:02:31","guid":{"rendered":"https:\/\/freunde-fluechtlingssolidaritaet.org\/?p=2039"},"modified":"2022-02-28T08:19:08","modified_gmt":"2022-02-28T07:19:08","slug":"22-08-2021-presseinformation-solidaritaet-mit-dem-afghanischen-volk","status":"publish","type":"post","link":"https:\/\/freunde-fluechtlingssolidaritaet.org\/ru\/22-08-2021-presseinformation-solidaritaet-mit-dem-afghanischen-volk","title":{"rendered":"22.08.2021 \u041f\u0440\u0435\u0441\u0441-\u0440\u0435\u043b\u0438\u0437 \u0421\u043e\u043b\u0438\u0434\u0430\u0440\u043d\u043e\u0441\u0442\u044c \u0441 \u0430\u0444\u0433\u0430\u043d\u0441\u043a\u0438\u043c \u043d\u0430\u0440\u043e\u0434\u043e\u043c"},"content":{"rendered":"<p>Was sich derzeit in Afghanistan abspielt, ist eine menschliche Trag\u00f6die von furchtbaren Ausma\u00dfen. Und \u2013 sie war vorhersehbar. Die WAZ berichtet am 18.08. unter Berufung auf eine Sozialarbeiterin in Kabul, dass die afghanischen Frauen den Taliban ihren angeblichen pl\u00f6tzlichen Sinneswandel nicht abnehmen \u2013 im Gegenteil, sie f\u00fcrchten, dass sie nicht mehr arbeiten d\u00fcrfen, und dass alle Frauen und M\u00e4dchen ab 12 Jahren, die noch keinen Mann haben, zwangsverheiratet werden. Mutige Frauen protestieren bereits in Kabul gegen diese Unterdr\u00fcckung. Ihnen gilt unsere volle Unterst\u00fctzung. Doch was tun die Regierungen Europas? \u201eAls Ende Juni die letzten Bundeswehrsoldaten das Land verlie\u00dfen, wurden vorher \u00fcber 20.000 Liter Bier, Wein und Sekt sowie ein 27 Tonnen schwerer Gedenkstein \u00bbin Sicherheit\u00ab gebracht\u201c, berichtete die Organisation Pro Asyl. Und die Menschen?<\/p>\n\n\n\n<p>Die Bilder pr\u00e4gen sich in unser Bewusstsein: Menschen, die sich an startende Flugzeuge klammern und in den Tod st\u00fcrzen, verzweifelte M\u00fctter, die ihre Babys \u00fcber einen Stacheldrahtzaun den Soldaten zuwerfen in der Hoffnung, dass sie gerettet werden &#8211; angesichts dieser menschlichen Dramen ist die Haltung unserer Regierung an Zynismus kaum mehr zu \u00fcberbieten: noch am 5. August schrieb Innenminister Seehofer zusammen mit seinen Amtskollegen von \u00d6sterreich, D\u00e4nemark, Belgien, den Niederlanden und Griechenland einen Brandbrief an die Europ\u00e4ische Kommission, und forderte sie auf, forciert mit Afghanistan eine \u201eR\u00fcckkehrpartnerschaft\u201c auszuhandeln, damit z\u00fcgig weitere Abschiebungen von afghanischen Staatsb\u00fcrgern stattfinden k\u00f6nnen! Wenn jetzt endlich zusammen mit deutschen Staatsb\u00fcrgern auch einige wenige der fr\u00fcheren afghanischen Mitarbeiter der Bundeswehr \u2013 sogenannte \u201eOrtskr\u00e4fte\u201c &#8211; ausgeflogen werden, zeigt, dass die Politik so kurz vor den Wahlen auf die Stimmung in der Bev\u00f6lkerung R\u00fccksicht nehmen muss. Doch was wird aus denen, die es nicht bis zum Flughafen schaffen? Was wird aus den \u00fcber 1000 Menschen, die noch bis Juli nach Afghanistan praktisch in den Tod abgeschoben wurden?<\/p>\n\n\n\n<p>CDU-Kanzlerkandidat Laschets einzige Sorge in dieser Situation: \u201e2015 darf sich nicht wiederholen\u201c! Was war 2015? Unter dem Druck der Bev\u00f6lkerung entschloss sich damals Kanzlerin Merkel, kurzzeitig das Dublin-Abkommen einseitig aufzuk\u00fcndigen und eine knappe Million Fl\u00fcchtlinge \u2013 vor allem aus Syrien \u2013 in Deutschland aufzunehmen. Doch noch im selben Jahr versch\u00e4rften die europ\u00e4ischen Regierungen ihre Abschottungspolitik: personelle und technische Aufr\u00fcstung von Frontex, Vereinbarungen mit T\u00fcrkei, mit Libyen \u2013 mit der Folge von Tausenden von Ertrunkenen im Mittelmeer, illegalen pushbacks, massiver Einsch\u00fcchterung und Kriminalisierung von Seenotrettern.<\/p>\n\n\n\n<p>Dies alles in einem Europa, das sich angeblich der Charta der Menschenrechte verpflichtet hat! Dieses Europa will jetzt, dass die Fl\u00fcchtlinge in den Nachbarl\u00e4ndern von Afghanistian aufgenommen werden sollen. Was f\u00fcr ein Zynismus &#8211; genau in solchen L\u00e4ndern, in denen die Scharia bereits gilt, wie im Iran oder Pakistan, sollen die Fl\u00fcchtlinge, die vor den Taliban fliehen, Zuflucht finden? Das ist Menschenverachtung pur!<\/p>\n\n\n\n<p>Viele Fl\u00fcchtlinge beklagen, dass ihre Fluchtgr\u00fcnde nicht wirklich angeh\u00f6rt, geschweige denn, ihnen geglaubt wird, dass sie unter Lebensgefahr aus ihren Heimatl\u00e4ndern geflohen sind. So im Fall von Alassa Mfouapon, wo in der Ablehnungsbegr\u00fcndung seines Asylantrages zynisch von seinem \u201eangeblich ertrunkenen Sohn\u201c gesprochen und ihm jegliche Glaubw\u00fcrdigkeit abgesprochen wird, genauso wie zwei kolumbianischen Gewerkschaftern, die von paramilit\u00e4rischen Banden mit dem Tode bedroht wurden, um nur zwei Beispiele aus der F\u00fclle von Asyl-Ablehnungen der letzten Tage aufzugreifen. Doch ist es nicht vielmehr wenig glaubw\u00fcrdig, dass es einem der effektivsten Auslandsgeheimdienste der Welt, der zudem mit vielen anderen Geheimdiensten bestens zusammenarbeitet, verborgen geblieben sein soll, welche Zust\u00e4nde in diesen L\u00e4ndern herrschen? Laut Umfragen bef\u00fcrworten zwei Drittel der Bev\u00f6lkerung in Deutschland, dass Menschen, die in Afghanistan verfolgt sind, in Deutschland Schutz finden sollen. Herr Seehofer, nehmen Sie sich ein Beispiel an Ihrem Wahlvolk, das im Gegensatz zu Ihnen die Tugend der internationalen Solidarit\u00e4t hochh\u00e4lt! Wer so eine menschenverachtende Fl\u00fcchtlingspolitik betreibt, muss zur\u00fccktreten.<\/p>","protected":false},"excerpt":{"rendered":"<p>\u0422\u043e, \u0447\u0442\u043e \u0432 \u043d\u0430\u0441\u0442\u043e\u044f\u0449\u0435\u0435 \u0432\u0440\u0435\u043c\u044f \u0440\u0430\u0437\u0432\u043e\u0440\u0430\u0447\u0438\u0432\u0430\u0435\u0442\u0441\u044f \u0432 \u0410\u0444\u0433\u0430\u043d\u0438\u0441\u0442\u0430\u043d\u0435, \u043f\u0440\u0435\u0434\u0441\u0442\u0430\u0432\u043b\u044f\u0435\u0442 \u0441\u043e\u0431\u043e\u0439 \u0447\u0435\u043b\u043e\u0432\u0435\u0447\u0435\u0441\u043a\u0443\u044e \u0442\u0440\u0430\u0433\u0435\u0434\u0438\u044e \u0443\u0436\u0430\u0441\u043d\u044b\u0445 \u043c\u0430\u0441\u0448\u0442\u0430\u0431\u043e\u0432. \u0418 \u2013 \u043e\u043d\u0430 \u0431\u044b\u043b\u0430 \u043f\u0440\u0435\u0434\u0441\u043a\u0430\u0437\u0443\u0435\u043c\u0430. \u041e\u0431 \u044d\u0442\u043e\u043c \u0441\u043e\u043e\u0431\u0449\u0430\u0435\u0442 WAZ 18 \u0430\u0432\u0433\u0443\u0441\u0442\u0430. \u0446\u0438\u0442\u0438\u0440\u0443\u044f...<\/p>","protected":false},"author":12,"featured_media":0,"comment_status":"open","ping_status":"open","sticky":false,"template":"","format":"standard","meta":{"_price":"","_stock":"","_tribe_ticket_header":"","_tribe_default_ticket_provider":"","_tribe_ticket_capacity":"0","_ticket_start_date":"","_ticket_end_date":"","_tribe_ticket_show_description":"","_tribe_ticket_show_not_going":false,"_tribe_ticket_use_global_stock":"","_tribe_ticket_global_stock_level":"","_global_stock_mode":"","_global_stock_cap":"","_tribe_rsvp_for_event":"","_tribe_ticket_going_count":"","_tribe_ticket_not_going_count":"","_tribe_tickets_list":"[]","_tribe_ticket_has_attendee_info_fields":false,"_EventAllDay":false,"_EventTimezone":"","_EventStartDate":"","_EventEndDate":"","_EventStartDateUTC":"","_EventEndDateUTC":"","_EventShowMap":false,"_EventShowMapLink":false,"_EventURL":"","_EventCost":"","_EventCostDescription":"","_EventCurrencySymbol":"","_EventCurrencyCode":"","_EventCurrencyPosition":"","_EventDateTimeSeparator":"","_EventTimeRangeSeparator":"","_EventOrganizerID":[],"_EventVenueID":[],"_OrganizerEmail":"","_OrganizerPhone":"","_OrganizerWebsite":"","_VenueAddress":"","_VenueCity":"","_VenueCountry":"","_VenueProvince":"","_VenueState":"","_VenueZip":"","_VenuePhone":"","_VenueURL":"","_VenueStateProvince":"","_VenueLat":"","_VenueLng":"","_VenueShowMap":false,"_VenueShowMapLink":false,"_themeisle_gutenberg_block_has_review":false,"footnotes":""},"categories":[],"tags":[],"class_list":["post-2039","post","type-post","status-publish","format-standard","hentry"],"_links":{"self":[{"href":"https:\/\/freunde-fluechtlingssolidaritaet.org\/ru\/wp-json\/wp\/v2\/posts\/2039","targetHints":{"allow":["GET"]}}],"collection":[{"href":"https:\/\/freunde-fluechtlingssolidaritaet.org\/ru\/wp-json\/wp\/v2\/posts"}],"about":[{"href":"https:\/\/freunde-fluechtlingssolidaritaet.org\/ru\/wp-json\/wp\/v2\/types\/post"}],"author":[{"embeddable":true,"href":"https:\/\/freunde-fluechtlingssolidaritaet.org\/ru\/wp-json\/wp\/v2\/users\/12"}],"replies":[{"embeddable":true,"href":"https:\/\/freunde-fluechtlingssolidaritaet.org\/ru\/wp-json\/wp\/v2\/comments?post=2039"}],"version-history":[{"count":1,"href":"https:\/\/freunde-fluechtlingssolidaritaet.org\/ru\/wp-json\/wp\/v2\/posts\/2039\/revisions"}],"predecessor-version":[{"id":2040,"href":"https:\/\/freunde-fluechtlingssolidaritaet.org\/ru\/wp-json\/wp\/v2\/posts\/2039\/revisions\/2040"}],"wp:attachment":[{"href":"https:\/\/freunde-fluechtlingssolidaritaet.org\/ru\/wp-json\/wp\/v2\/media?parent=2039"}],"wp:term":[{"taxonomy":"category","embeddable":true,"href":"https:\/\/freunde-fluechtlingssolidaritaet.org\/ru\/wp-json\/wp\/v2\/categories?post=2039"},{"taxonomy":"post_tag","embeddable":true,"href":"https:\/\/freunde-fluechtlingssolidaritaet.org\/ru\/wp-json\/wp\/v2\/tags?post=2039"}],"curies":[{"name":"wp","href":"https:\/\/api.w.org\/{rel}","templated":true}]}}