{"id":4539,"date":"2023-06-15T18:03:06","date_gmt":"2023-06-15T16:03:06","guid":{"rendered":"https:\/\/freunde-fluechtlingssolidaritaet.org\/?p=4539"},"modified":"2023-06-17T22:57:09","modified_gmt":"2023-06-17T20:57:09","slug":"pressemitteilung-zur-prozess-alassa-mfouapon-gegen-das-land-baden-wuerttemberg-fluechtlinge-ziehen-stolz-vor-das-bundesverwaltungsgericht-teilerfolg-fuer-fluechtlingsrechte-rechtsentwick","status":"publish","type":"post","link":"https:\/\/freunde-fluechtlingssolidaritaet.org\/ru\/%d0%bf%d1%80%d0%b5%d1%81%d1%81-%d1%80%d0%b5%d0%bb%d0%b8%d0%b7-%d0%be-%d1%81%d1%83%d0%b4%d0%b5%d0%b1%d0%bd%d0%be%d0%bc-%d1%80%d0%b0%d0%b7%d0%b1%d0%b8%d1%80%d0%b0%d1%82%d0%b5%d0%bb%d1%8c%d1%81%d1%82","title":{"rendered":"\u041f\u0440\u0435\u0441\u0441-\u0440\u0435\u043b\u0438\u0437 \u043e \u0441\u0443\u0434\u0435\u0431\u043d\u043e\u043c \u043f\u0440\u043e\u0446\u0435\u0441\u0441\u0435 \u043f\u043e \u0434\u0435\u043b\u0443 \u0410\u043b\u0430\u0441\u0441\u044b \u041c\u0444\u0443\u0430\u043f\u043e\u043d\u0430 \u043f\u0440\u043e\u0442\u0438\u0432 \u0437\u0435\u043c\u043b\u0438 \u0411\u0430\u0434\u0435\u043d-\u0412\u044e\u0440\u0442\u0435\u043c\u0431\u0435\u0440\u0433. \u00ab\u0411\u0435\u0436\u0435\u043d\u0446\u044b \u0441 \u0433\u043e\u0440\u0434\u043e\u0441\u0442\u044c\u044e \u043c\u0430\u0440\u0448\u0438\u0440\u0443\u044e\u0442 \u043f\u0435\u0440\u0435\u0434 \u0424\u0435\u0434\u0435\u0440\u0430\u043b\u044c\u043d\u044b\u043c \u0430\u0434\u043c\u0438\u043d\u0438\u0441\u0442\u0440\u0430\u0442\u0438\u0432\u043d\u044b\u043c \u0441\u0443\u0434\u043e\u043c: \u0447\u0430\u0441\u0442\u0438\u0447\u043d\u044b\u0439 \u0443\u0441\u043f\u0435\u0445 \u0432 \u0437\u0430\u0449\u0438\u0442\u0435 \u043f\u0440\u0430\u0432 \u0431\u0435\u0436\u0435\u043d\u0446\u0435\u0432 \u2014 \u043f\u0440\u0430\u0432\u043e\u0432\u043e\u0435 \u0440\u0430\u0437\u0432\u0438\u0442\u0438\u0435 \u0424\u0435\u0434\u0435\u0440\u0430\u043b\u044c\u043d\u043e\u0433\u043e \u0430\u0434\u043c\u0438\u043d\u0438\u0441\u0442\u0440\u0430\u0442\u0438\u0432\u043d\u043e\u0433\u043e \u0441\u0443\u0434\u0430\u00bb"},"content":{"rendered":"\n<p><\/p>\n\n\n\n<p><\/p>\n\n\n\n<p>Heute wurde vor dem Bundesverwaltungsgericht die Revision von Alassa Mfouapon gegen das Land Baden-W\u00fcrttemberg sowie von Ba Gando wegen der Hausordnung der Landeserstaufnahmeeinrichtung Freiburg verhandelt. Das Urteil ist zweischneidig: \u00bbEs ist ein Erfolg, dass das Bundesverwaltungsgericht anerkennen musste: eine Fl\u00fcchtlingsunterkunft ist ein gesch\u00fctzter Wohnraum im Sinne des Artikels 13 des Grundgesetzes!&#8220;, so der Anwalt Roland Meister. Alassa Mfouapon erkl\u00e4rt: &#8222;Das ist Ergebnis einer breiten und von vielen Organisationen getragenen Protestbewegung und Initiativen der Fl\u00fcchtlinge selbst. Ohne diese Klagen w\u00e4re dies gar nicht zu Stande gekommen!&#8220;<br>Dennoch wies das Gericht beide Klagen ab und urteilte im Sinne der Rechtsentwicklung Fl\u00fcchtlingspolitik, wie sie derzeit \u00fcberall zu beobachten ist.<\/p>\n\n\n\n<p>Doch von vorne: Der Tag begann mit einer k\u00e4mpferischen Kundgebung vor dem imposanten Bau des Gerichts in Leipzig. Gut 50 Personen brachten ihre Solidarit\u00e4t zum Ausdruck: Da waren Organisationen wie federf\u00fchrend der Freundeskreis Fl\u00fcchtlingssolidarit\u00e4t, die Gesellschaft f\u00fcr Freiheitsrechte, Solidarit\u00e4t International sowie &#8222;Aktion Bleiberecht&#8220; Freiburg. Auch die Jugendorganisationen Rebell und Young Struggle, die MLPD, die Frauenorganisationen Zora und Courage, Kollegen von Verdi und der IGM, Jura-Studenten und eine Reihe junger migrantischer und deutscher Fl\u00fcchtlingsaktivisten waren angereist. Zum ersten Mal trafen sich die zwei Kl\u00e4gergruppen \u2013 Alassa Mfouapon und seine Freunde und eine Gruppe von Fl\u00fcchtlingen aus der Landeserstaufnahmeeinrichtung in Freiburg. Sofort wurde sich verbr\u00fcdert und alle brachten am offenen Mikrofon ihre Anliegen vor.<\/p>\n\n\n\n<p>Der Vorsitzende Richter stellte eindeutig klar, dass das Zimmer von Alassa in der Erstaufnahmeeinrichtung Ellwangen als Wohnung gilt und entsprechenden Schutz genie\u00dft. Einzelne schikan\u00f6se Regularien in der Hausordnung der LEA Freiburg wurden als rechtswidrig gekennzeichnet. Das widerspricht der bisherigen Auffassung und Praxis der Beh\u00f6rden sowie Polizei, jederzeit den einzigen R\u00fcckzugsraum von Fl\u00fcchtlingen betreten zu d\u00fcrfen.<\/p>\n\n\n\n<p>Ein Affront war, dass der Vorsitzende Richter, Dr. Keller, Alassa Mfouapon nach nur zwei S\u00e4tzen harsch das Wort entzog, als dieser als eigentlicher Kl\u00e4ger zum Fall sprechen wollte. Er solle weder zu den konkreten Vorg\u00e4nge am 20. Juni sprechen, noch politisch werden. Dabei hatten die Juristen vorher Wortbeitr\u00e4ge von bis zu 20 Minuten gehalten. Das zun\u00e4chst so souver\u00e4n wirkende, altehrw\u00fcrdige Gericht wurde sichtlich nerv\u00f6s, was der Sprecher dieser Fl\u00fcchtlingsbewegung in den heiligen Hallen sagen wolle. Daf\u00fcr ist zu wissen, dass die Freiburger Kl\u00e4gergruppe sich leider entschieden hatte, dass die Fl\u00fcchtlinge selbst nur im Zuschauerraum Platz nahmen. W\u00e4hrend der 2,5 Stunden Verhandlung um elementare Fl\u00fcchtlingsrechte gab der Vorsitzende Richter also Fl\u00fcchtlingen keine Gelegenheit zu Diskussionsbeitr\u00e4gen. Es bedurfte mehrerer anwaltlicher Interventionen und Willens\u00e4u\u00dferungen aus dem Zuschauerraum, den Richter zu bewegen, Alassa Mfouapon am Ende doch noch das Wort zu erteilen, womit Alassa dann auch das letzte Wort hatte: &#8222;Das Verhalten der Polizei am 20. Juni war von Anfang an rechtswidrig. Es war vorgeplant: Alassa muss nach Italien abgeschoben werden, egal welche Grundrechte verletzt werden. Heute wurden die Emotionen und die Erfahrungen von uns Fl\u00fcchtlingen nicht angeh\u00f6rt. Doch ich bleibe stur: wir sind Fl\u00fcchtlinge, keine Kriminellen, die Polizei hat sich rechtswidrig verhalten.&#8220; \u00bbDies war ein kleiner Erfolg, das gebotene rechtliche Geh\u00f6r durchzusetzen\u00ab, so sein Anwalt Roland Meister. Der komplette Redebeitrag von Alassa kann hier gelesen werden. <a href=\"https:\/\/freunde-fluechtlingssolidaritaet.org\" target=\"_blank\">https:\/\/freunde-fluechtlingssolidaritaet.org\/der-untersagte-redebeitrag-von-alassa-m-vorm-bvg-heute<\/a><\/p>\n\n\n\n<p>Kompetent, argumentativ stark und mit k\u00e4mpferischem Geist traten die Rechtsanw\u00e4lte Meister, Lincoln und Deppner auf und lie\u00dfen die kleinlauten, aber reaktion\u00e4ren Vertreter der Stadt Freiburg und die Regierungsdirektorin vom Land Baden-W\u00fcrttemberg Pf\u00f6rtner alt aussehen. So machte Sarah Lincoln von der Gesellschaft f\u00fcr Freiheitsrechte klar: &#8222;Es kann nicht sein, dass einerseits der \u00a7 13 Grundgesetz auch auf Fl\u00fcchtlingsunterk\u00fcnfte angewendet wird, es zugleich dennoch normal ist, ohne richterliche Anordnung, nachts, gegen Grundrechtsinhaber deren Wohnung zu betreten, nur um eine Dublin-\u00dcberf\u00fchrung durchzuf\u00fchren.&#8220;<\/p>\n\n\n\n<p>Vor allem das Land Baden-W\u00fcrttemberg hatte bereits im Vorfeld sein reaktion\u00e4res Ansinnen deutlich gemacht: &#8222;Die illegale Zuwanderung ist eine schwerwiegende Gefahr f\u00fcr die \u00f6ffentliche Sicherheit&#8220;, so das Land. Die Vertreterin bat das Gericht um eine grunds\u00e4tzliche Entscheidung, Durchsuchung und Betreten das Zimmers einer Fl\u00fcchtlingsunterkunft zu unterscheiden, um k\u00fcnftig das Betreten durch Polizeibeamte problemlos zu erm\u00f6glichen.<br>Der Vertreter der Stadt Freiburg hielt es wiederum f\u00fcr &#8222;keinen schwerwiegenden Grundrechtseingriff&#8220;, wenn Fl\u00fcchtlinge in Freiburg jederzeit ihre Taschen durchsucht bekommen.<\/p>\n\n\n\n<p>Das Urteil selbst muss man differenziert betrachten, so der Essener Jurist Meister. Emp\u00f6rend ist, dass das Betreten und die faktische Durchsuchung nach Ansicht des Bundesverwaltungsgerichtes keiner richterlichen Anordnung bed\u00fcrfen. Die Begr\u00fcndung folgt einer abenteuerlichen Interpretation des Begriffs der \u201eGefahr f\u00fcr die \u00f6ffentliche Sicherheit und Ordnung\u201c.\u00ab Ein Begriff, der normalerweise mit Situationen der unmittelbaren Bedrohung von Leib und Leben einhergeht, berichtet der Anwalt. \u00bbTats\u00e4chlich interpretierte das Gericht es als Gefahr f\u00fcr die \u00f6ffentliche Sicherheit und Ordnung, wenn es misslingen w\u00fcrde, dem betreffenden Fl\u00fcchtling noch am selben Tag abzuschieben.\u00ab So hei\u00dft es im Urteil \u00fcber die am 20. Juni vollzogene Abschiebung von Alassa, nachdem die Polizei in sein Zimmer eingedrungen war: &#8222;Das Betreten des Zimmers war des Weiteren zur Verh\u00fctung einer dringenden Gefahr f\u00fcr die \u00f6ffentliche Sicherheit und Ordnung nach Art. 13 Abs. 7 GG erforderlich, weil es galt, den vollziehbar ausreisepflichtigen Kl\u00e4ger noch am selben Tag nach Italien zu \u00fcberstellen.&#8220;<br>Das ist eine ungeheuerliche Diskriminierung von Alassa \u2013 aber macht auch deutlich, welche Angst das Land Baden-W\u00fcrttemberg in der aufgew\u00fchlten Situation nach der Gro\u00dfrazzia der Polizei in Ellwangen vor dem Sprecher der Fl\u00fcchtlinge Alassa hatte.<\/p>\n\n\n\n<p>Der Freundeskreis Fl\u00fcchtlingssolidarit\u00e4t sieht in diesem Urteil eine Widerspiegelung der gegenw\u00e4rtigen Rechtsentwicklung in strafrechtlichen Entscheidungen und den Ergebnissen des Asyl-Gipfels der EU.&nbsp;<\/p>\n\n\n\n<p>Meister k\u00fcndigte nach R\u00fccksprache mit seinem Mandanten Alassa Mfouapon an, eine Verfassungsbeschwerde gegen dieses Urteil vor dem Bundesverfassungsgericht einzureichen. \u00bbUnseres Erachtens verst\u00f6\u00dft dieses Urteil nicht nur gegen das Grundgesetz sondern auch gegen die europ\u00e4ische Menschenrechtskonvention (EMK). Es ist deshalb im Interesse jedes demokratisch denkenden Menschen, gegen diese Richtung der Einschr\u00e4nkung der Grundrechte und -freiheiten von Gefl\u00fcchteten weiter vorzugehen.\u00ab<\/p>\n\n\n\n<p>Im Anschluss wurde der Prozess in einer kurzen Kundgebung ausgewertet. Ein Fl\u00fcchtling aus Sachsen meldete sich als Letzter zu Wort und sagte: &#8222;Ich bin stolz auf diesen Tag und es ist mir eine Ehre, hier mit euch zu sein. Wir werden siegen!&#8220; Unabh\u00e4ngig vom heutigen Urteil &#8211; damit hat er Recht.<\/p>\n\n\n\n<p>Im Anschluss fand noch eine Kundgebung von Leipziger Initiativen statt: &#8222;we want home, no Camps&#8220;. Zu einer gemeinsamen Kundgebung waren sie aus kleinkarierten Gr\u00fcnden leider nicht bereit. Doch schlie\u00dflich sorgten dann Teile der Initiative daf\u00fcr, dass Alassa seinen kompletten Beitrag, den er vor Gericht nicht halten durfte, vor den rund 40 Jugendlichen vortrug, von vielfachen Zwischenapplaus unterbrochen.<\/p>\n\n\n\n<figure class=\"wp-block-embed is-type-video is-provider-youtube wp-block-embed-youtube wp-embed-aspect-16-9 wp-has-aspect-ratio\"><div class=\"wp-block-embed__wrapper\">\n<iframe loading=\"lazy\" hcb-fetch-image-from=\"https:\/\/www.youtube.com\/watch?v=_Y_IczG2520\" title=\"Bericht - Prozess Alassa Mfouapon im BVG Leipzig gegen das Land Baden W\u00fcrttemberg\" width=\"843\" height=\"474\" src=\"https:\/\/www.youtube.com\/embed\/_Y_IczG2520?feature=oembed\" frameborder=\"0\" allow=\"accelerometer; autoplay; clipboard-write; encrypted-media; gyroscope; picture-in-picture; web-share\" allowfullscreen><\/iframe>\n<\/div><\/figure>\n\n\n\n<p><strong>Weitere Informationen dazu werden auf der Homepage des Freundeskreises ver\u00f6ffentlicht.<\/strong><\/p>\n\n\n\n<p>Freundeskreis Fl\u00fcchtlingssolidarit\u00e4t in SI, Regionalgruppe Ost \u2013&nbsp;<a href=\"https:\/\/freunde-fluechtlingssolidaritaet.org\" target=\"_blank\">www.freunde-fluechtlingssolidaritaet.org<\/a><br>Spenden \u00fcber: \u201eSolidarit\u00e4t International e.V.\u201c, IBAN: DE86 5019 0000 6100 8005 84, Stichwort: \u201eFl\u00fcchtllingssolidarit\u00e4t\u201c<br>change.org\/alassa und change.org\/evakuierung<\/p>\n\n\n\n<div id=\"wp-block-themeisle-blocks-slider-a316e7f2\" class=\"wp-block-themeisle-blocks-slider glide\" data-per-view=\"1\" data-gap=\"0\" data-peek=\"0\" data-autoplay=\"true\" data-height=\"400px\" data-hide-arrows=\"false\"><div class=\"glide__track\" data-glide-el=\"track\"><div class=\"glide__slides\"><div class=\"wp-block-themeisle-blocks-slider-item-wrapper glide__slide\" tabindex=\"0\"><figure><img decoding=\"async\" class=\"wp-block-themeisle-blocks-slider-item\" src=\"https:\/\/freunde-fluechtlingssolidaritaet.org\/wp-content\/uploads\/2023\/06\/IMG_9050-scaled.jpg\" alt=\"\" title=\"\" data-id=\"4432\"\/><\/figure><\/div><div class=\"wp-block-themeisle-blocks-slider-item-wrapper glide__slide\" tabindex=\"0\"><figure><img decoding=\"async\" class=\"wp-block-themeisle-blocks-slider-item\" src=\"https:\/\/freunde-fluechtlingssolidaritaet.org\/wp-content\/uploads\/2023\/06\/IMG_20230615_083406-scaled.jpg\" alt=\"\" title=\"\" data-id=\"4520\"\/><\/figure><\/div><div class=\"wp-block-themeisle-blocks-slider-item-wrapper glide__slide\" tabindex=\"0\"><figure><img decoding=\"async\" class=\"wp-block-themeisle-blocks-slider-item\" src=\"https:\/\/freunde-fluechtlingssolidaritaet.org\/wp-content\/uploads\/2023\/06\/IMG_20230615_084306-scaled.jpg\" alt=\"\" title=\"\" data-id=\"4540\"\/><\/figure><\/div><div class=\"wp-block-themeisle-blocks-slider-item-wrapper glide__slide\" tabindex=\"0\"><figure><img decoding=\"async\" class=\"wp-block-themeisle-blocks-slider-item\" src=\"https:\/\/freunde-fluechtlingssolidaritaet.org\/wp-content\/uploads\/2023\/06\/IMG_20230615_083829-scaled.jpg\" alt=\"\" title=\"\" data-id=\"4522\"\/><\/figure><\/div><div class=\"wp-block-themeisle-blocks-slider-item-wrapper glide__slide\" tabindex=\"0\"><figure><img decoding=\"async\" class=\"wp-block-themeisle-blocks-slider-item\" src=\"https:\/\/freunde-fluechtlingssolidaritaet.org\/wp-content\/uploads\/2023\/06\/IMG_20230615_083147-scaled.jpg\" alt=\"\" title=\"\" data-id=\"4519\"\/><\/figure><\/div><div class=\"wp-block-themeisle-blocks-slider-item-wrapper glide__slide\" tabindex=\"0\"><figure><img decoding=\"async\" class=\"wp-block-themeisle-blocks-slider-item\" src=\"https:\/\/freunde-fluechtlingssolidaritaet.org\/wp-content\/uploads\/2023\/06\/IMG_9078-scaled.jpg\" alt=\"\" title=\"\" data-id=\"4456\"\/><\/figure><\/div><div class=\"wp-block-themeisle-blocks-slider-item-wrapper glide__slide\" tabindex=\"0\"><figure><img decoding=\"async\" class=\"wp-block-themeisle-blocks-slider-item\" src=\"https:\/\/freunde-fluechtlingssolidaritaet.org\/wp-content\/uploads\/2023\/06\/IMG_9056-scaled.jpg\" alt=\"\" title=\"\" data-id=\"4436\"\/><\/figure><\/div><div class=\"wp-block-themeisle-blocks-slider-item-wrapper glide__slide\" tabindex=\"0\"><figure><img decoding=\"async\" class=\"wp-block-themeisle-blocks-slider-item\" src=\"https:\/\/freunde-fluechtlingssolidaritaet.org\/wp-content\/uploads\/2023\/06\/IMG_9116-scaled.jpg\" alt=\"\" title=\"\" data-id=\"4486\"\/><\/figure><\/div><div class=\"wp-block-themeisle-blocks-slider-item-wrapper glide__slide\" tabindex=\"0\"><figure><img decoding=\"async\" class=\"wp-block-themeisle-blocks-slider-item\" src=\"https:\/\/freunde-fluechtlingssolidaritaet.org\/wp-content\/uploads\/2023\/06\/IMG_20230615_084133-scaled.jpg\" alt=\"\" title=\"\" data-id=\"4528\"\/><\/figure><\/div><div class=\"wp-block-themeisle-blocks-slider-item-wrapper glide__slide\" tabindex=\"0\"><figure><img decoding=\"async\" class=\"wp-block-themeisle-blocks-slider-item\" src=\"https:\/\/freunde-fluechtlingssolidaritaet.org\/wp-content\/uploads\/2023\/06\/IMG_9122-scaled.jpg\" alt=\"\" title=\"\" data-id=\"4491\"\/><\/figure><\/div><div class=\"wp-block-themeisle-blocks-slider-item-wrapper glide__slide\" tabindex=\"0\"><figure><img decoding=\"async\" class=\"wp-block-themeisle-blocks-slider-item\" src=\"https:\/\/freunde-fluechtlingssolidaritaet.org\/wp-content\/uploads\/2023\/06\/IMG_9130-scaled.jpg\" alt=\"\" title=\"\" data-id=\"4497\"\/><\/figure><\/div><div class=\"wp-block-themeisle-blocks-slider-item-wrapper glide__slide\" tabindex=\"0\"><figure><img decoding=\"async\" class=\"wp-block-themeisle-blocks-slider-item\" src=\"https:\/\/freunde-fluechtlingssolidaritaet.org\/wp-content\/uploads\/2023\/06\/IMG_20230615_093100-scaled.jpg\" alt=\"\" title=\"\" data-id=\"4567\"\/><\/figure><\/div><div class=\"wp-block-themeisle-blocks-slider-item-wrapper glide__slide\" tabindex=\"0\"><figure><img decoding=\"async\" class=\"wp-block-themeisle-blocks-slider-item\" src=\"https:\/\/freunde-fluechtlingssolidaritaet.org\/wp-content\/uploads\/2023\/06\/IMG_20230615_084226-scaled.jpg\" alt=\"\" title=\"\" data-id=\"4538\"\/><\/figure><\/div><div class=\"wp-block-themeisle-blocks-slider-item-wrapper glide__slide\" tabindex=\"0\"><figure><img decoding=\"async\" class=\"wp-block-themeisle-blocks-slider-item\" src=\"https:\/\/freunde-fluechtlingssolidaritaet.org\/wp-content\/uploads\/2023\/06\/IMG_20230615_084329-scaled.jpg\" alt=\"\" title=\"\" data-id=\"4544\"\/><\/figure><\/div><div class=\"wp-block-themeisle-blocks-slider-item-wrapper glide__slide\" tabindex=\"0\"><figure><img decoding=\"async\" class=\"wp-block-themeisle-blocks-slider-item\" src=\"https:\/\/freunde-fluechtlingssolidaritaet.org\/wp-content\/uploads\/2023\/06\/IMG_20230615_125241-scaled.jpg\" alt=\"\" title=\"\" data-id=\"4575\"\/><\/figure><\/div><div class=\"wp-block-themeisle-blocks-slider-item-wrapper glide__slide\" tabindex=\"0\"><figure><img decoding=\"async\" class=\"wp-block-themeisle-blocks-slider-item\" src=\"https:\/\/freunde-fluechtlingssolidaritaet.org\/wp-content\/uploads\/2023\/06\/IMG_E9068-scaled.jpg\" alt=\"\" title=\"\" data-id=\"4612\"\/><\/figure><\/div><div class=\"wp-block-themeisle-blocks-slider-item-wrapper glide__slide\" tabindex=\"0\"><figure><img decoding=\"async\" class=\"wp-block-themeisle-blocks-slider-item\" src=\"https:\/\/freunde-fluechtlingssolidaritaet.org\/wp-content\/uploads\/2023\/06\/IMG_E9062-scaled.jpg\" alt=\"\" title=\"\" data-id=\"4607\"\/><\/figure><\/div><div class=\"wp-block-themeisle-blocks-slider-item-wrapper glide__slide\" tabindex=\"0\"><figure><img decoding=\"async\" class=\"wp-block-themeisle-blocks-slider-item\" src=\"https:\/\/freunde-fluechtlingssolidaritaet.org\/wp-content\/uploads\/2023\/06\/IMG_E9061-scaled.jpg\" alt=\"\" title=\"\" data-id=\"4606\"\/><\/figure><\/div><\/div><div class=\"glide__bullets\" data-glide-el=\"controls[nav]\"><button class=\"glide__bullet\" data-glide-dir=\"=0\"><\/button><button class=\"glide__bullet\" data-glide-dir=\"=1\"><\/button><button class=\"glide__bullet\" data-glide-dir=\"=2\"><\/button><button class=\"glide__bullet\" data-glide-dir=\"=3\"><\/button><button class=\"glide__bullet\" data-glide-dir=\"=4\"><\/button><button class=\"glide__bullet\" data-glide-dir=\"=5\"><\/button><button class=\"glide__bullet\" data-glide-dir=\"=6\"><\/button><button class=\"glide__bullet\" data-glide-dir=\"=7\"><\/button><button class=\"glide__bullet\" data-glide-dir=\"=8\"><\/button><button class=\"glide__bullet\" data-glide-dir=\"=9\"><\/button><button class=\"glide__bullet\" data-glide-dir=\"=10\"><\/button><button class=\"glide__bullet\" data-glide-dir=\"=11\"><\/button><button class=\"glide__bullet\" data-glide-dir=\"=12\"><\/button><button class=\"glide__bullet\" data-glide-dir=\"=13\"><\/button><button class=\"glide__bullet\" data-glide-dir=\"=14\"><\/button><button class=\"glide__bullet\" data-glide-dir=\"=15\"><\/button><button class=\"glide__bullet\" data-glide-dir=\"=16\"><\/button><button class=\"glide__bullet\" data-glide-dir=\"=17\"><\/button><\/div><\/div><\/div>\n","protected":false},"excerpt":{"rendered":"<p>\u0421\u0435\u0433\u043e\u0434\u043d\u044f \u0424\u0435\u0434\u0435\u0440\u0430\u043b\u044c\u043d\u044b\u0439 \u0430\u0434\u043c\u0438\u043d\u0438\u0441\u0442\u0440\u0430\u0442\u0438\u0432\u043d\u044b\u0439 \u0441\u0443\u0434 \u0437\u0430\u0441\u043b\u0443\u0448\u0430\u043b \u0430\u043f\u0435\u043b\u043b\u044f\u0446\u0438\u044e \u0410\u043b\u0430\u0441\u0441\u044b \u041c\u0444\u0443\u0430\u043f\u043e\u043d \u043f\u0440\u043e\u0442\u0438\u0432 \u0437\u0435\u043c\u043b\u0438 \u0411\u0430\u0434\u0435\u043d-\u0412\u044e\u0440\u0442\u0435\u043c\u0431\u0435\u0440\u0433 \u0438 \u0411\u0430 \u0413\u0430\u043d\u0434\u043e \u0438\u0437-\u0437\u0430 \u043f\u0440\u0430\u0432\u0438\u043b \u0432\u043d\u0443\u0442\u0440\u0435\u043d\u043d\u0435\u0433\u043e \u0440\u0430\u0441\u043f\u043e\u0440\u044f\u0434\u043a\u0430 \u0433\u043e\u0441\u0443\u0434\u0430\u0440\u0441\u0442\u0432\u0435\u043d\u043d\u043e\u0433\u043e \u0443\u0447\u0440\u0435\u0436\u0434\u0435\u043d\u0438\u044f \u043f\u0435\u0440\u0432\u0438\u0447\u043d\u043e\u0433\u043e \u043f\u0440\u0438\u0435\u043c\u0430 \u0432\u043e \u0424\u0440\u0430\u0439\u0431\u0443\u0440\u0433\u0435.\u2026<\/p>","protected":false},"author":12,"featured_media":0,"comment_status":"open","ping_status":"open","sticky":true,"template":"","format":"standard","meta":{"_price":"","_stock":"","_tribe_ticket_header":"","_tribe_default_ticket_provider":"","_tribe_ticket_capacity":"0","_ticket_start_date":"","_ticket_end_date":"","_tribe_ticket_show_description":"","_tribe_ticket_show_not_going":false,"_tribe_ticket_use_global_stock":"","_tribe_ticket_global_stock_level":"","_global_stock_mode":"","_global_stock_cap":"","_tribe_rsvp_for_event":"","_tribe_ticket_going_count":"","_tribe_ticket_not_going_count":"","_tribe_tickets_list":"[]","_tribe_ticket_has_attendee_info_fields":false,"_EventAllDay":false,"_EventTimezone":"","_EventStartDate":"","_EventEndDate":"","_EventStartDateUTC":"","_EventEndDateUTC":"","_EventShowMap":false,"_EventShowMapLink":false,"_EventURL":"","_EventCost":"","_EventCostDescription":"","_EventCurrencySymbol":"","_EventCurrencyCode":"","_EventCurrencyPosition":"","_EventDateTimeSeparator":"","_EventTimeRangeSeparator":"","_EventOrganizerID":[],"_EventVenueID":[],"_OrganizerEmail":"","_OrganizerPhone":"","_OrganizerWebsite":"","_VenueAddress":"","_VenueCity":"","_VenueCountry":"","_VenueProvince":"","_VenueState":"","_VenueZip":"","_VenuePhone":"","_VenueURL":"","_VenueStateProvince":"","_VenueLat":"","_VenueLng":"","_VenueShowMap":false,"_VenueShowMapLink":false,"_themeisle_gutenberg_block_has_review":false,"footnotes":""},"categories":[55],"tags":[314,210,173,165,214,211,185,169,166],"class_list":["post-4539","post","type-post","status-publish","format-standard","hentry","category-aktuelles","tag-aktuelles","tag-bvg","tag-fluechtlinge","tag-freundeskreis","tag-gfr","tag-leipzig","tag-polizeigewalt","tag-presse","tag-solidaritaet"],"_links":{"self":[{"href":"https:\/\/freunde-fluechtlingssolidaritaet.org\/ru\/wp-json\/wp\/v2\/posts\/4539","targetHints":{"allow":["GET"]}}],"collection":[{"href":"https:\/\/freunde-fluechtlingssolidaritaet.org\/ru\/wp-json\/wp\/v2\/posts"}],"about":[{"href":"https:\/\/freunde-fluechtlingssolidaritaet.org\/ru\/wp-json\/wp\/v2\/types\/post"}],"author":[{"embeddable":true,"href":"https:\/\/freunde-fluechtlingssolidaritaet.org\/ru\/wp-json\/wp\/v2\/users\/12"}],"replies":[{"embeddable":true,"href":"https:\/\/freunde-fluechtlingssolidaritaet.org\/ru\/wp-json\/wp\/v2\/comments?post=4539"}],"version-history":[{"count":5,"href":"https:\/\/freunde-fluechtlingssolidaritaet.org\/ru\/wp-json\/wp\/v2\/posts\/4539\/revisions"}],"predecessor-version":[{"id":4662,"href":"https:\/\/freunde-fluechtlingssolidaritaet.org\/ru\/wp-json\/wp\/v2\/posts\/4539\/revisions\/4662"}],"wp:attachment":[{"href":"https:\/\/freunde-fluechtlingssolidaritaet.org\/ru\/wp-json\/wp\/v2\/media?parent=4539"}],"wp:term":[{"taxonomy":"category","embeddable":true,"href":"https:\/\/freunde-fluechtlingssolidaritaet.org\/ru\/wp-json\/wp\/v2\/categories?post=4539"},{"taxonomy":"post_tag","embeddable":true,"href":"https:\/\/freunde-fluechtlingssolidaritaet.org\/ru\/wp-json\/wp\/v2\/tags?post=4539"}],"curies":[{"name":"wp","href":"https:\/\/api.w.org\/{rel}","templated":true}]}}