{"id":1472,"date":"2021-05-28T17:05:33","date_gmt":"2021-05-28T15:05:33","guid":{"rendered":"https:\/\/freunde-fluechtlingssolidaritaet.org\/?p=1472"},"modified":"2021-06-08T18:22:16","modified_gmt":"2021-06-08T16:22:16","slug":"resolution-finale-du-27-juin-2020","status":"publish","type":"post","link":"https:\/\/freunde-fluechtlingssolidaritaet.org\/uk\/resolution-finale-du-27-june-2020","title":{"rendered":"\u041e\u0441\u0442\u0430\u0442\u043e\u0447\u043d\u0435 \u0440\u0456\u0448\u0435\u043d\u043d\u044f 27 \u0447\u0435\u0440\u0432\u043d\u044f 2020 \u0440\u043e\u043a\u0443"},"content":{"rendered":"<p>\u0412\u0430\u0436\u043b\u0438\u0432\u0438\u0439 \u0441\u0438\u0433\u043d\u0430\u043b \u0434\u043b\u044f solidarit\u00e9 large et ouverte avec et parmi les r\u00e9fugi\u00e9.es \u2013 le &quot;Cercle d&#039;amis de la solidarit\u00e9 avec les r\u00e9fugi\u00e9.es au be de Solidarity International&quot;.<br>Le groupe Emscher Lippe de l&#039;association Solidarity International (SI) asbl est fier de communiquer que le &quot;Cercle d&#039;amis de la solidarit\u00e9 avec les r\u00e9fugi\u00e9.es&quot; se soit constitu\u00e9 au be de l&#039;association SI. Se sont r\u00e9uni.es des r\u00e9fugi\u00e9.es et leurs amie.es de nombreuses villes d&#039;Allemagne o\u00f9 il ya des protestations importantes contre le traitement m\u00e9prisant et inhumain envers les r\u00e9fugi\u00e9.es Ses r\u00e9sultats les plus importants sont r\u00e9sum\u00e9s dans la r\u00e9solution suivante : R\u00e9solution \u0444\u0456\u043d\u0430\u043b rencontre des r\u00e9fugi\u00e9s et de leurs soutiens du 27 \u0447\u0435\u0440\u0432\u043d\u044f 2020 \u0440.<\/p>\n\n\n\n<p>\u041d\u0443, 66 \u0443\u0447\u0430\u0441\u043d\u0438\u043a\u0456\u0432 \u0437\u0443\u0441\u0442\u0440\u0456\u0447\u0456 27 \u0447\u0435\u0440\u0432\u043d\u044f 2020 \u0440\u043e\u043a\u0443, \u0437\u0430\u043f\u0440\u043e\u0448\u0435\u043d\u043d\u044f Solidarity International eV \u0442\u0430 Freundskreis Alassa \u0442\u0430 \u0434\u0440\u0443\u0437\u0456\u0432 (Cercle d&#039;Alassa &amp; amis), avons appris beaucoup de choses incroyables sur la fa\u00e7on dont les r\u00e9fugi\u00e9. es sont trait\u00e9.es en Allemagne \u2013 comme des personnes de deuxi\u00e8me et troisi\u00e8me classe. Pas seulement \u00e0 l&#039;heure actuelle de la pandemie corona, o\u00f9 l&#039;on nous a force.es de vivre ensemble dans des espaces minuscules, sans masks ni tests. Nous sommes enferm\u00e9.es comme des crimnels. Nous attendons depuis des ann\u00e9es de pouvoir faire une demande d&#039;asile. En tant que r\u00e9fugi\u00e9.e, on g\u00e8re un traumatisme apr\u00e8 l&#039;autre.<\/p>\n\n\n\n<p>Tous ceux qui ont fui pour venir en Allemagne ont une raison. Personne ne quitte son pays d&#039;origine pour rien. Nous sommes indign\u00e9.es et f\u00e2ch\u00e9.es de voir que le ministere de l&#039;Int\u00e9rieur Seehofer et le governance allemand veuillent porter davantage atteinte au droit d&#039;asile.<\/p>\n\n\n\n<p>\u041e\u0442\u0436\u0435, \u0432\u0438 \u043f\u043e\u0432\u0438\u043d\u043d\u0456 \u0432\u0438\u0440\u0456\u0448\u0438\u0442\u0438, \u0447\u0438 \u0445\u043e\u0447\u0435\u0442\u0435 \u0432\u0438 \u043e\u0440\u0433\u0430\u043d\u0456\u0437\u0443\u0432\u0430\u0442\u0438 \u0440\u0443\u0445 &quot;\u0421\u0442\u043e\u043f \u0432\u0438\u0431\u0443\u0445\u0438!&quot; \u00bb. Nous vulons donc organizer une journ\u00e9e national d&#039;action against les expulsions \u00e0 l&#039;occasion de la grande marche sur Washington pr\u00e9vue pour le 28 ao\u00fbt par le \u0440\u0443\u0445\u0443 Black-Lives-Matter against le racisme et les violences polici\u00e8res.<\/p>\n\n\n\n<p>Mais aujourd&#039;hui, nous avons also senti la solidarit\u00e9. \u0423\u0447\u0430\u0441\u043d\u0438\u043a \u0437\u0430\u044f\u0432\u0438\u0432: \u00abCette rencontre apporte de nouveau de la lumi\u00e8re \u00e0 l&#039;espoir\u00bb. \u041a\u043e\u043b\u043e \u0434\u0440\u0443\u0437\u0456\u0432 \u043f\u0440\u0435\u0434\u0441\u0442\u0430\u0432\u043b\u044f\u0454 cette voie de la solidarity parminous les r\u00e9fugi\u00e9.es, \u043d\u0435\u0437\u0430\u043b\u0435\u0436\u043d\u043e \u0432\u0456\u0434 notre origine ou de notre religion et entre nous les r\u00e9fugi\u00e9.es et les gens solidaires et militants en Allemagne.<br>\u041f\u0440\u0435\u0434\u0441\u0442\u0430\u0432\u043d\u0438\u043a \u0430\u0432\u0442\u043e\u043e\u0440\u0433\u0430\u043d\u0456\u0437\u0430\u0446\u0456\u0457 des r\u00e9fugi\u00e9.es<br>Son travail est de southenir les nombreux combats comme \u00e0 Br\u00eame, Leipzig-D\u00f6lzig, Suhl, Ellwangen et two d&#039;autres endroits.<br>Nous avons senti et sommes certains que le temps est m\u00fbr de construct le Freundeskreis \u00e0 l&#039;\u00e9chelle national et avec un engagement plus ferme. Nous avons decid\u00e9 qu&#039;\u00e0 l&#039;avenir, il s&#039;appellera &quot;Cercle d&#039;amis solidaire des r\u00e9fugi\u00e9.es in Solidarity International&quot;<\/p>\n\n\n\n<p>Nous r\u00e9affirmons les principes \u0432\u0438 \u043f\u0440\u043e\u0433\u0440\u0430\u043c\u0443\u0454\u0442\u0435 \u0432 10 \u043f\u0443\u043d\u043a\u0442\u0430\u0445 \u0441\u0432\u043e\u0454 \u043a\u043e\u043b\u043e \u0434\u0440\u0443\u0437\u0456\u0432 \u0456 \u043f\u0440\u043e\u0433\u0440\u0430\u043c\u0443\u0454\u0442\u0435 \u0432 20 \u043f\u0443\u043d\u043a\u0442\u0430\u0445 \u00abMaintenant c&#039;est \u00e0 nous de parler ! 2.0 \u00bb du 1er Congr\u00e8s politique des r\u00e9fugi\u00e9.es<\/p>\n\n\n\n<p>La position non li\u00e9e \u00e0 des partis est un atout important ! Tous les militants honn\u00eates solidaires des r\u00e9fugi\u00e9.es sont les bienvenus - qu&#039;ils viennent des \u00e9glises, des partis, des syndicats ou autres.<\/p>\n\n\n\n<p>Il n&#039;y a pas de succ\u00e8s sans problems, ni sans notre lutte commune pour les surmonter.<\/p>\n\n\n\n<p>Nous exigeons :<\/p>\n\n\n\n<ul class=\"wp-block-list\"><li>Le respect de notre vie priv\u00e9e et l&#039;violability de notre logement,<\/li><li>Des cours d&#039;allemand pour tou.te.s,<\/li><li>Le permis de travail,<\/li><li>Nourriture bonne pour nous et WiFi \u0443 \u043d\u043e\u043c\u0435\u0440\u0430\u0445,<\/li><li>Un droit d&#039;asile sans reserve en Allemagne za les democrats, les antifascistes et les r\u00e9volutionnaires.<\/li><li>Non aux restrictions dans les soins de sant\u00e9 pour les r\u00e9fugi\u00e9.es, conform\u00e9ment \u00e0 la loi sur les prestations d&#039;asile !<\/li><li>\u0417\u0443\u043f\u0438\u043d\u0456\u0442\u044c \u0434\u043e\u043f\u043e\u043c\u0456\u0436\u043d\u0456 \u0432\u0438\u0433\u043d\u0430\u043d\u043d\u044f!<\/li><\/ul>\n\n\n\n<p>Nous appelons tous les r\u00e9fugi\u00e9.es et tou.te.s militant.es solidaires des r\u00e9fugi\u00e9.es: Organisez-vous, mobilisez-vous.<\/p>","protected":false},"excerpt":{"rendered":"<p>\u0421\u0438\u0433\u043d\u0430\u043b, \u0432\u0430\u0436\u043b\u0438\u0432\u0438\u0439 \u0434\u043b\u044f \u0432\u0435\u043b\u0438\u043a\u043e\u0457 \u0442\u0430 \u0432\u0456\u0434\u043a\u0440\u0438\u0442\u043e\u0457 \u0441\u043e\u043b\u0456\u0434\u0430\u0440\u043d\u043e\u0441\u0442\u0456 \u0437 \u0456 parmi les r\u00e9fugi\u00e9.es \u2013 \u00abCercle d&#039;amis de la Solidarit\u00e9 with les r\u00e9fugi\u00e9.es au\u2026<\/p>","protected":false},"author":12,"featured_media":0,"comment_status":"open","ping_status":"open","sticky":false,"template":"","format":"standard","meta":{"_price":"","_stock":"","_tribe_ticket_header":"","_tribe_default_ticket_provider":"","_tribe_ticket_capacity":"0","_ticket_start_date":"","_ticket_end_date":"","_tribe_ticket_show_description":"","_tribe_ticket_show_not_going":false,"_tribe_ticket_use_global_stock":"","_tribe_ticket_global_stock_level":"","_global_stock_mode":"","_global_stock_cap":"","_tribe_rsvp_for_event":"","_tribe_ticket_going_count":"","_tribe_ticket_not_going_count":"","_tribe_tickets_list":"[]","_tribe_ticket_has_attendee_info_fields":false,"_EventAllDay":false,"_EventTimezone":"","_EventStartDate":"","_EventEndDate":"","_EventStartDateUTC":"","_EventEndDateUTC":"","_EventShowMap":false,"_EventShowMapLink":false,"_EventURL":"","_EventCost":"","_EventCostDescription":"","_EventCurrencySymbol":"","_EventCurrencyCode":"","_EventCurrencyPosition":"","_EventDateTimeSeparator":"","_EventTimeRangeSeparator":"","_EventOrganizerID":[],"_EventVenueID":[],"_OrganizerEmail":"","_OrganizerPhone":"","_OrganizerWebsite":"","_VenueAddress":"","_VenueCity":"","_VenueCountry":"","_VenueProvince":"","_VenueState":"","_VenueZip":"","_VenuePhone":"","_VenueURL":"","_VenueStateProvince":"","_VenueLat":"","_VenueLng":"","_VenueShowMap":false,"_VenueShowMapLink":false,"_themeisle_gutenberg_block_has_review":false,"footnotes":""},"categories":[55],"tags":[314],"class_list":["post-1472","post","type-post","status-publish","format-standard","hentry","category-aktuelles","tag-aktuelles"],"_links":{"self":[{"href":"https:\/\/freunde-fluechtlingssolidaritaet.org\/uk\/wp-json\/wp\/v2\/posts\/1472","targetHints":{"allow":["GET"]}}],"collection":[{"href":"https:\/\/freunde-fluechtlingssolidaritaet.org\/uk\/wp-json\/wp\/v2\/posts"}],"about":[{"href":"https:\/\/freunde-fluechtlingssolidaritaet.org\/uk\/wp-json\/wp\/v2\/types\/post"}],"author":[{"embeddable":true,"href":"https:\/\/freunde-fluechtlingssolidaritaet.org\/uk\/wp-json\/wp\/v2\/users\/12"}],"replies":[{"embeddable":true,"href":"https:\/\/freunde-fluechtlingssolidaritaet.org\/uk\/wp-json\/wp\/v2\/comments?post=1472"}],"version-history":[{"count":1,"href":"https:\/\/freunde-fluechtlingssolidaritaet.org\/uk\/wp-json\/wp\/v2\/posts\/1472\/revisions"}],"predecessor-version":[{"id":1473,"href":"https:\/\/freunde-fluechtlingssolidaritaet.org\/uk\/wp-json\/wp\/v2\/posts\/1472\/revisions\/1473"}],"wp:attachment":[{"href":"https:\/\/freunde-fluechtlingssolidaritaet.org\/uk\/wp-json\/wp\/v2\/media?parent=1472"}],"wp:term":[{"taxonomy":"category","embeddable":true,"href":"https:\/\/freunde-fluechtlingssolidaritaet.org\/uk\/wp-json\/wp\/v2\/categories?post=1472"},{"taxonomy":"post_tag","embeddable":true,"href":"https:\/\/freunde-fluechtlingssolidaritaet.org\/uk\/wp-json\/wp\/v2\/tags?post=1472"}],"curies":[{"name":"wp","href":"https:\/\/api.w.org\/{rel}","templated":true}]}}