{"id":1492,"date":"2021-06-11T09:39:28","date_gmt":"2021-06-11T07:39:28","guid":{"rendered":"https:\/\/freunde-fluechtlingssolidaritaet.org\/?p=1492"},"modified":"2021-06-11T09:40:14","modified_gmt":"2021-06-11T07:40:14","slug":"proposition-de-programme-en-11-points-du-cercle-damis-alassa-friends","status":"publish","type":"post","link":"https:\/\/freunde-fluechtlingssolidaritaet.org\/uk\/proposition-de-programme-en-11-points-du-cercle-damis-alassa-friends","title":{"rendered":"\u041f\u0440\u043e\u043f\u043e\u0437\u0438\u0446\u0456\u044f \u043f\u0440\u043e\u0433\u0440\u0430\u043c\u0438 \u0432 11 \u043f\u0443\u043d\u043a\u0442\u0430\u0445 Cercle d&#039;amis Alassa &amp; Friends"},"content":{"rendered":"<ol class=\"wp-block-list\"><li>\u00abCercle d&#039;amis Alassa &amp; Friends\u00bb \u2014 \u0446\u0435 \u0430\u0441\u043e\u0446\u0456\u0430\u0446\u0456\u044f, \u044f\u043a\u0430 \u0430\u0432\u0442\u043e\u043c\u0430\u0442\u0438\u0447\u043d\u043e \u043e\u0440\u0433\u0430\u043d\u0456\u0437\u043e\u0432\u0443\u0454 \u0442\u0430 \u043d\u0435 \u043f\u0456\u0434\u0442\u0440\u0438\u043c\u0443\u0454 \u043f\u0430\u0440\u0442\u0456\u044e \u0431\u0456\u0436\u0435\u043d\u0446\u0456\u0432 \u0442\u0430 \u0431\u043e\u0439\u043e\u0432\u0438\u043a\u0456\u0432 \u0434\u0435\u043c\u043e\u043a\u0440\u0430\u0442\u0438\u0447\u043d\u043e\u0433\u043e \u0442\u0430 \u0440\u0435\u0432\u043e\u043b\u044e\u0446\u0456\u0439\u043d\u043e\u0433\u043e \u0440\u0443\u0445\u0443 \u0432 \u041d\u0456\u043c\u0435\u0447\u0447\u0438\u043d\u0456, \u044f\u043a\u0430 \u043f\u0440\u043e\u0442\u0438\u0441\u0442\u043e\u0457\u0442\u044c \u043f\u043e\u043b\u0456\u0442\u0438\u0447\u043d\u0456\u0439 \u0440\u0435\u0430\u043a\u0446\u0456\u0457 \u0444\u0435\u0434\u0435\u0440\u0430\u043b\u044c\u043d\u043e\u0433\u043e \u0443\u0440\u044f\u0434\u0443 \u0442\u0430 \u0404\u0432\u0440\u043e\u043f\u0438. en mati\u00e8re de r\u00e9fugi\u00e9s. The appuie sur la riche experience des r\u00e9fugi\u00e9s auto-organis\u00e9s de Ellwangen qui \u2013 \u044f\u043a Alassa Mfouapon \u2013 ont lutt\u00e9 and luttent r\u00e9solument against the intervention martiale de la police ou les deportations.<\/li><li>Le Cercle d&#039;amis d\u00e9fend les libert\u00e9s et les droits d\u00e9mocratiques et sociaux fondamentaux, le droit de fuir ainsi que la reconnaissance de l&#039;opression sp\u00e9cifique des femmes comme motiv d&#039;asile.<\/li><li>Le Cercle d&#039;amis repr\u00e9sente une politique progressivee porteuse d&#039;avenir en mati\u00e8re de r\u00e9fugi\u00e9s, dans laquelle les causes de la fuite sont combattues et non les r\u00e9fugi\u00e9s. Cela \u0432\u043a\u043b\u044e\u0447\u0430\u0454 \u0434\u0438\u0441\u043a\u0443\u0441\u0456\u044e, \u0432\u0456\u0434\u043a\u0440\u0438\u0442\u0443 \u0434\u043b\u044f les alternatives sociales, y compris socialistes. Le racisme et l&#039;anticommunisme n&#039;ont donc pas de place dans le Cercle d&#039;amis.<\/li><li>Les members of the Cercle d&#039;amis aident les personnes concern\u00e9es \u00e0 s&#039;organizer pour des conseils et du soutien mutuels: pour faire face \u00e0 des problems tels que la reconnaissance du statut de r\u00e9fugi\u00e9 \/ demandeur d&#039;asile, exercer leurs droits vis-\u00e0 - vis des autorit\u00e9s et des tribunaux, trouver des logements, r\u00e9unir les family, b\u00e9n\u00e9ficier d&#039;un soutien et accompagnement m\u00e9dical et juridique \u0442\u043e\u0449\u043e. Ils organisates la solidarit\u00e9 (par exemple, l&#039;assistance juridique) et les protests en cas d&#039;expulsion imminente ou accomplie ou de kriminalization \u00e0 des fins politiques.<\/li><li>Ils donnent des conseils sur l&#039;\u00e9laboration d&#039;ininitiatives en vue de l&#039;autofinancement de ces activit\u00e9s. Cercle d&#039;amis lui-m\u00eame n&#039;est pas un organisme de financement. \u0424\u0456\u043d\u0430\u043d\u0441\u0443\u0432\u0430\u043d\u043d\u044f \u0454 \u043d\u0435\u0437\u0430\u043b\u0435\u0436\u043d\u0438\u043c \u0456 \u0432\u0456\u0434\u043a\u0440\u0438\u0442\u0438\u043c, \u0442\u043e\u043c\u0443 \u0439\u043e\u0433\u043e \u043c\u043e\u0436\u043d\u0430 \u0432\u0438\u043a\u043e\u0440\u0438\u0441\u0442\u043e\u0432\u0443\u0432\u0430\u0442\u0438 \u0434\u043b\u044f \u0437\u0431\u043e\u0440\u0443 \u0430\u043a\u0442\u0438\u0432\u043d\u0438\u0445 \u043a\u043e\u0448\u0442\u0456\u0432 \u0456 \u0434\u043b\u044f \u0440\u043e\u0437\u0440\u0430\u0445\u0443\u043d\u043a\u0456\u0432 \u0434\u043b\u044f \u0440\u0435\u0433\u0443\u043b\u044e\u0432\u0430\u043d\u043d\u044f \u0439\u043e\u0433\u043e recettes \u0456 \u0439\u043e\u0433\u043e d\u00e9pensions \u043f\u0456\u0434 \u0447\u0430\u0441 \u0439\u043e\u0433\u043e \u0432\u043e\u0437\u0437&#039;\u0454\u0434\u043d\u0430\u043d\u043d\u044f.<\/li><li>Cercle d&#039;amis travaille \u00e0 l&#039;\u00e9chelle Nationale avec des relationships Auslands. Il entretient une coop\u00e9ration \u00e9troite avec toutes les inicijativ \u0456 \u043e\u0440\u0433\u0430\u043d\u0456\u0437\u0430\u0446\u0456\u0439 o\u00f9 il ya concordance sur ses objectifs.<\/li><li>\u041d\u0430 \u0431\u0430\u0437\u0456 \u043f\u0440\u043e\u0433\u0440\u0430\u043c\u0438 \u043f\u0440\u0430\u0446\u044e\u0454 Cercle d&#039;amis. \u0412\u0456\u043d \u0441\u043a\u043b\u0430\u0434\u0430\u0454\u0442\u044c\u0441\u044f \u0437 \u0447\u043b\u0435\u043d\u0456\u0432 \u0456 \u0433\u0440\u0443\u043f\u0438 \u0437 \u0442\u0440\u044c\u043e\u0445 \u043f\u043e\u0440\u0442\u0456\u0432-\u0444\u0440\u0430\u0437, caissier \u0456 \u0432\u0435\u0440\u0438\u0444\u0456\u043a\u0430\u0442\u043e\u0440\u0430.<\/li><li>\u0406\u043d\u0448\u0456 \u0444\u0443\u043d\u043a\u0446\u0456\u0457 \u0432\u043a\u043b\u044e\u0447\u0430\u044e\u0442\u044c \u0437\u0432&#039;\u044f\u0437\u043a\u0438 \u0437 \u0433\u0440\u043e\u043c\u0430\u0434\u0441\u044c\u043a\u0456\u0441\u0442\u044e \u0442\u0430 \u0440\u043e\u0431\u043e\u0442\u0443 \u0437 \u043f\u0440\u0435\u0441\u043e\u044e, \u0430 \u0442\u0430\u043a\u043e\u0436 \u0441\u043f\u0456\u0432\u043f\u0440\u0430\u0446\u044e \u0437 \u0456\u043d\u0448\u0438\u043c\u0438 \u0456\u043d\u0456\u0446\u0456\u0430\u0442\u0438\u0432\u0430\u043c\u0438 \u0442\u0430 \u043e\u0440\u0433\u0430\u043d\u0456\u0437\u0430\u0446\u0456\u044f\u043c\u0438.<\/li><li>Il rallie un ou plusieurs conseillers juridiques.<\/li><li>L&#039;assembl\u00e9e des membres d\u00e9cide des projects, plans et m\u00e9thodes de travail essentiels, dont la mise en \u0153uvre rel\u00e8ve alors de la responsabilit\u00e9 des titulaires de fonctions.<br>11.\u0426\u0435 \u043f\u043e\u0432\u0456\u0434\u043e\u043c\u043b\u0435\u043d\u043d\u044f \u043d\u0430\u043f\u0438\u0441\u0430\u043d\u043e \u0432 \u0441\u043f\u0438\u0441\u043a\u0443 \u0443\u0447\u0430\u0441\u043d\u0438\u043a\u0456\u0432. \u0429\u043e\u0440\u0456\u0447\u043d\u0430 \u043a\u043e\u0442\u0438\u0437\u0430\u0446\u0456\u044f \u0441\u0442\u0430\u043d\u043e\u0432\u0438\u0442\u044c 10 \u0454\u0432\u0440\u043e \u0434\u043b\u044f refugi\u00e9s\/faibles revenus, 20 \u0454\u0432\u0440\u043e \u0434\u043b\u044f \u043f\u0440\u043e\u0444\u0435\u0441\u0456\u043e\u043d\u0430\u043b\u0456\u0432.<\/li><\/ol>","protected":false},"excerpt":{"rendered":"<p>\u00abCercle d&#039;amis Alassa &amp; Friends\u00bb \u2014 \u0446\u0435 \u0430\u0441\u043e\u0446\u0456\u0430\u0446\u0456\u044f \u0430\u0432\u0442\u043e\u043e\u0440\u0433\u0430\u043d\u0456\u0437\u0430\u0442\u043e\u0440\u0456\u0432, \u044f\u043a\u0430 \u043d\u0435 \u043f\u0456\u0434\u0442\u0440\u0438\u043c\u0443\u0454 \u043f\u0430\u0440\u0442\u0456\u044e \u0431\u0456\u0436\u0435\u043d\u0446\u0456\u0432 \u0456 \u0431\u043e\u0439\u043e\u0432\u0438\u043a\u0456\u0432 \u0434\u0435\u043c\u043e\u043a\u0440\u0430\u0442\u0438\u0447\u043d\u043e\u0433\u043e \u0440\u0443\u0445\u0443 \u0442\u0430\u2026<\/p>","protected":false},"author":12,"featured_media":0,"comment_status":"open","ping_status":"open","sticky":false,"template":"","format":"standard","meta":{"_price":"","_stock":"","_tribe_ticket_header":"","_tribe_default_ticket_provider":"","_tribe_ticket_capacity":"0","_ticket_start_date":"","_ticket_end_date":"","_tribe_ticket_show_description":"","_tribe_ticket_show_not_going":false,"_tribe_ticket_use_global_stock":"","_tribe_ticket_global_stock_level":"","_global_stock_mode":"","_global_stock_cap":"","_tribe_rsvp_for_event":"","_tribe_ticket_going_count":"","_tribe_ticket_not_going_count":"","_tribe_tickets_list":"[]","_tribe_ticket_has_attendee_info_fields":false,"_EventAllDay":false,"_EventTimezone":"","_EventStartDate":"","_EventEndDate":"","_EventStartDateUTC":"","_EventEndDateUTC":"","_EventShowMap":false,"_EventShowMapLink":false,"_EventURL":"","_EventCost":"","_EventCostDescription":"","_EventCurrencySymbol":"","_EventCurrencyCode":"","_EventCurrencyPosition":"","_EventDateTimeSeparator":"","_EventTimeRangeSeparator":"","_EventOrganizerID":[],"_EventVenueID":[],"_OrganizerEmail":"","_OrganizerPhone":"","_OrganizerWebsite":"","_VenueAddress":"","_VenueCity":"","_VenueCountry":"","_VenueProvince":"","_VenueState":"","_VenueZip":"","_VenuePhone":"","_VenueURL":"","_VenueStateProvince":"","_VenueLat":"","_VenueLng":"","_VenueShowMap":false,"_VenueShowMapLink":false,"_themeisle_gutenberg_block_has_review":false,"footnotes":""},"categories":[55],"tags":[314],"class_list":["post-1492","post","type-post","status-publish","format-standard","hentry","category-aktuelles","tag-aktuelles"],"_links":{"self":[{"href":"https:\/\/freunde-fluechtlingssolidaritaet.org\/uk\/wp-json\/wp\/v2\/posts\/1492","targetHints":{"allow":["GET"]}}],"collection":[{"href":"https:\/\/freunde-fluechtlingssolidaritaet.org\/uk\/wp-json\/wp\/v2\/posts"}],"about":[{"href":"https:\/\/freunde-fluechtlingssolidaritaet.org\/uk\/wp-json\/wp\/v2\/types\/post"}],"author":[{"embeddable":true,"href":"https:\/\/freunde-fluechtlingssolidaritaet.org\/uk\/wp-json\/wp\/v2\/users\/12"}],"replies":[{"embeddable":true,"href":"https:\/\/freunde-fluechtlingssolidaritaet.org\/uk\/wp-json\/wp\/v2\/comments?post=1492"}],"version-history":[{"count":1,"href":"https:\/\/freunde-fluechtlingssolidaritaet.org\/uk\/wp-json\/wp\/v2\/posts\/1492\/revisions"}],"predecessor-version":[{"id":1493,"href":"https:\/\/freunde-fluechtlingssolidaritaet.org\/uk\/wp-json\/wp\/v2\/posts\/1492\/revisions\/1493"}],"wp:attachment":[{"href":"https:\/\/freunde-fluechtlingssolidaritaet.org\/uk\/wp-json\/wp\/v2\/media?parent=1492"}],"wp:term":[{"taxonomy":"category","embeddable":true,"href":"https:\/\/freunde-fluechtlingssolidaritaet.org\/uk\/wp-json\/wp\/v2\/categories?post=1492"},{"taxonomy":"post_tag","embeddable":true,"href":"https:\/\/freunde-fluechtlingssolidaritaet.org\/uk\/wp-json\/wp\/v2\/tags?post=1492"}],"curies":[{"name":"wp","href":"https:\/\/api.w.org\/{rel}","templated":true}]}}